{"id":71994,"date":"2025-11-10T10:46:47","date_gmt":"2025-11-10T16:46:47","guid":{"rendered":"https:\/\/sixtyinchesfromcenter.org\/?p=71994"},"modified":"2025-11-10T14:56:49","modified_gmt":"2025-11-10T20:56:49","slug":"no-borders-in-our-art-no-borders-in-our-neighborhoods-no-borders-anywhere-sixtys-statement-against-ice-sin-fronteras-en-nuestro-arte-sin-fronteras-en-nuestros-barrios-sin-fronteras-en-ni","status":"publish","type":"post","link":"https:\/\/sixtyinchesfromcenter.org\/no-borders-in-our-art-no-borders-in-our-neighborhoods-no-borders-anywhere-sixtys-statement-against-ice-sin-fronteras-en-nuestro-arte-sin-fronteras-en-nuestros-barrios-sin-fronteras-en-ni\/","title":{"rendered":"No borders in our art, no borders in our neighborhoods, no borders anywhere \/ Sin fronteras en nuestro arte, sin fronteras en nuestros barrios, sin fronteras en ninguna parte"},"content":{"rendered":"\n<p><strong>To our beloved community:<\/strong><\/p>\n\n\n\n<p>As a collective of artists, writers, archivists, and cultural workers from many different cultural identities whose work is dedicated to celebrating and preserving our communities\u2019 stories, Sixty Inches From Center unequivocally condemns the violence of Immigration and Customs Enforcement (ICE), the federal agents supporting ICE, and all forms of immigrant detention and deportation tactics. Since its creation, ICE has sustained a carceral and necropolitical system that decides which lives are protected by borders and which lives are policed by them, extending a legacy of white nationalism. In recent weeks, we have witnessed brutal crackdowns by ICE in our hometown of Chicago as part of Trump\u2019s \u201c<a href=\"https:\/\/blockclubchicago.org\/2025\/09\/09\/what-to-know-about-ices-operation-midway-blitz-in-chicago\/\" target=\"_blank\" rel=\"noreferrer noopener\">Operation Midway Blitz<\/a>\u201d and <a href=\"https:\/\/truthout.org\/articles\/trump-is-building-a-violent-shadowy-and-unaccountable-federal-police-force\/\" target=\"_blank\" rel=\"noreferrer noopener\">across the country<\/a> that threaten our communities.&nbsp;<\/p>\n\n\n\n<p>We affirm that no one should live in fear and with the threat of displacement. To stand with migrants is to stand with the right to remain, to move, to remember, and to create without borders and without fear. We are all citizens of the world and must treat each other with dignity and respect regardless of where we come from.&nbsp;<\/p>\n\n\n\n<p>To target those who are vulnerable in society\u2014immigrants, poor and unhoused people, disabled people, religious minorities, queer and trans people of color\u2014 is an authoritarian power tactic that has been used throughout history to instill fear, divide the working class, and distract us from economic, social, and environmental injustice by finding a scapegoat for unrest. We must not succumb to such fearmongering.&nbsp;We must step up, remain firm in our stance, and say it loud:<\/p>\n\n\n\n<p><strong>Abolish ICE. Abolish borders. Migration and safety from state violence are sacred human rights.&nbsp;<\/strong><\/p>\n\n\n\n<p>Sixty refuses to be intimidated by authoritarian rhetoric in media or armed bullies in our streets. We refuse to waver in our values or to comply with the goals of white nationalism. Sixty remains dedicated to platforming work by, about, and for migrant communities and will continue to support writing that documents and responds to the cultural traditions and practices of the very people this current authoritarian regime hopes to disappear from public life.&nbsp;<\/p>\n\n\n\n<p>In 2023, Sixty launched <strong><a href=\"https:\/\/sixtyinchesfromcenter.org\/editorial\/sixty-bilingual\/\" target=\"_blank\" rel=\"noreferrer noopener\">Sesenta En Espa\u00f1ol<\/a><\/strong> and hired our first bilingual editor, formalizing our commitment to Spanish-speaking communities, and we will continue to invest in non-English publishing priorities to uplift and support those most harmed by these oppressive and harmful policies.&nbsp;<\/p>\n\n\n\n<p>And while there are many feelings that we are all experiencing, from anger to mourning to fear, we at Sixty want to offer you a reminder that there are tangible ways that we can stand up to fascism. There are protests to join, civil leaders to speak to, neighborhood ICE watches to organize and join, families in need of nourishment and comfort, and community bonds to strengthen.&nbsp;<\/p>\n\n\n\n<p>Below, we have compiled and will continue to update a list of resources for those threatened by federal violence, opportunities to support Chicago\u2019s migrant communities, opportunities to learn, and more.&nbsp; If you know of resources or events that should be listed <a href=\"https:\/\/sixtyinchesfromcenter.org\/resources-towards-solidarity-care-and-community-defense\/\"><strong>here<\/strong><\/a>, please share them with us on <a href=\"https:\/\/www.instagram.com\/sixtyinchesfromcenter\/\" target=\"_blank\" rel=\"noreferrer noopener\">Inst*gram<\/a> or at <a href=\"mailto:info@sixtyinchesfromcenter.org\" target=\"_blank\" rel=\"noreferrer noopener\">info@sixtyinchesfromcenter.org<\/a>.<\/p>\n\n\n\n<p>With love and solidarity,<br><strong>Sixty Inches From Center<\/strong><\/p>\n\n\n\n<hr class=\"wp-block-separator has-alpha-channel-opacity\"\/>\n\n\n\n<div class=\"wp-block-group is-layout-constrained wp-block-group-is-layout-constrained\">\n<figure class=\"wp-block-image aligncenter size-full is-resized\"><img loading=\"lazy\" decoding=\"async\" width=\"844\" height=\"166\" src=\"https:\/\/sixtyinchesfromcenter.org\/wp-content\/uploads\/2024\/10\/Sixty-En-Espanol-Logo.jpg\" alt=\"\" class=\"wp-image-64484\" style=\"width:400px\" srcset=\"https:\/\/sixtyinchesfromcenter.org\/wp-content\/uploads\/2024\/10\/Sixty-En-Espanol-Logo.jpg 844w, https:\/\/sixtyinchesfromcenter.org\/wp-content\/uploads\/2024\/10\/Sixty-En-Espanol-Logo-300x59.jpg 300w, https:\/\/sixtyinchesfromcenter.org\/wp-content\/uploads\/2024\/10\/Sixty-En-Espanol-Logo-768x151.jpg 768w\" sizes=\"auto, (max-width: 844px) 100vw, 844px\" \/><\/figure>\n\n\n\n<hr class=\"wp-block-separator has-alpha-channel-opacity\"\/>\n<\/div>\n\n\n\n<p><strong>A nuestra querida comunidad:<\/strong><\/p>\n\n\n\n<p>Como colectivo de artistas, escritores, archivistas y trabajadores culturales de diversas identidades que dedicamos nuestro trabajo a celebrar y preservar las historias de nuestras comunidades, SESENTA condena la violencia de ICE y de los agentes federales que lo apoyan y todas las t\u00e1cticas de detenci\u00f3n y deportaci\u00f3n de migrantes. Desde su creaci\u00f3n, ICE ha sostenido un sistema carcelario y xen\u00f3fobo que decide qu\u00e9 vidas est\u00e1n protegidas por las fronteras y cu\u00e1les son vigiladas por ellas, perpetuando as\u00ed un legado de nacionalismo blanco. En las \u00faltimas semanas, hemos presenciado brutales acciones de ICE en nuestra ciudad natal de Chicago, como parte de la \u201cOperaci\u00f3n Midway Blitz\u201d de Trump, y en todo el pa\u00eds, que amenazan a nuestras comunidades.<\/p>\n\n\n\n<p>Afirmamos que nadie deber\u00eda vivir con miedo ni bajo la amenaza del desplazamiento. Apoyar a las personas migrantes es apoyar su derecho a permanecer, a moverse, a recordar, y a crear sin fronteras ni miedo. Todos somos ciudadanos del mundo y debemos tratarnos con dignidad y respeto, independientemente de nuestro origen.<\/p>\n\n\n\n<p>Atacar a las personas vulnerables de la sociedad\u2014migrantes, personas pobres y sin hogar, personas con discapacidad, minor\u00edas religiosas, personas queer y trans de color\u2014es una t\u00e1ctica de poder autoritaria que se ha utilizado a lo largo de la historia para causar miedo, dividir a la clase trabajadora, y distraernos de la injusticia econ\u00f3mica, social, y ambiental. No debemos sucumbir a esta manipulaci\u00f3n del miedo. Debemos alzar la voz, mantenernos firmes en nuestra postura y decirlo alto y claro:&nbsp;<\/p>\n\n\n\n<p><strong>\u00a1Fuera ICE! \u00a1No a las fronteras! La migraci\u00f3n y la seguridad frente a la violencia estatal son derechos humanos fundamentales.<\/strong><\/p>\n\n\n\n<p>Sesenta se niega a dejarse intimidar por la ret\u00f3rica autoritaria en los medios ni por los armados en nuestras calles. Nos negamos a silenciar nuestros valores o a sostener los objetivos del nacionalismo blanco. Sesenta mantiene su compromiso de dar visibilidad al trabajo realizado por, sobre, y para las comunidades migrantes, y seguir\u00e1 apoyando la escritura que documenta y responde a las tradiciones y pr\u00e1cticas culturales de las mismas personas a las que este r\u00e9gimen autoritario pretende borrar de la vida p\u00fablica.<\/p>\n\n\n\n<p>En 2023, Sixty Inches From Center lanz\u00f3 Sesenta En Espa\u00f1ol y contrat\u00f3 a su primer editora biling\u00fce, formalizando nuestro compromiso con las comunidades latinas, y continuaremos invirtiendo en prioridades editoriales en idiomas mas alla del ingl\u00e9s para apoyar y ayudar a quienes se ven m\u00e1s perjudicados por estas pol\u00edticas opresivas.<\/p>\n\n\n\n<p>Aqu\u00ed en Sesenta queremos recordarles que existen maneras de organizarnos frente al fascismo. Hay protestas a las que podemos unirnos, l\u00edderes civiles con quienes debemos hablar, colectivos de vecinos contra ICE que organizan y en las que podemos participar, apoyar a las familias que necesitan alimento y consuelo, y fortalecer relaciones comunitarias.&nbsp;<\/p>\n\n\n\n<p>Seguiremos actualizando una lista de recursos para quienes lo necesitan, oportunidades para apoyar a las comunidades migrantes de Chicago, oportunidades de aprendizaje y mucho m\u00e1s. Si conoces alg\u00fan recurso o evento que debemos incluir <a href=\"https:\/\/sixtyinchesfromcenter.org\/resources-towards-solidarity-care-and-community-defense\/\"><strong>aqu\u00ed<\/strong><\/a>, comp\u00e1rtelo con nosotros en Inst*gram @<em>sixtyinchesfromcenter<\/em> o <a href=\"mailto:info@sixtyinchesfromcenter.org\">info@sixtyinchesfromcenter.org<\/a>.<\/p>\n\n\n\n<p>Con mucho amor y solidaridad,<br><strong>Sesenta En Espa\u00f1ol<\/strong><\/p>\n\n\n\n<h2 class=\"wp-block-heading has-text-align-center has-huge-font-size\"><strong>.    .    .<\/strong><\/h2>\n\n\n\n<div class=\"wp-block-buttons is-layout-flex wp-block-buttons-is-layout-flex\">\n<div class=\"wp-block-button has-custom-width wp-block-button__width-100\"><a class=\"wp-block-button__link wp-element-button\" href=\"https:\/\/sixtyinchesfromcenter.org\/resources-towards-solidarity-care-and-community-defense\/\" target=\"_blank\" rel=\"noreferrer noopener\">Resources Towards Solidarity, Care, and Community Defense<\/a><\/div>\n\n\n\n<div class=\"wp-block-button has-custom-width wp-block-button__width-100\"><a class=\"wp-block-button__link wp-element-button\" href=\"https:\/\/sixtyinchesfromcenter.org\/resources-towards-solidarity-care-and-community-defense\/\" target=\"_blank\" rel=\"noreferrer noopener\">Recursos de SOLIDARIDAD, Cari\u00f1o, y Defensa COMUNITARIA<\/a><\/div>\n<\/div>\n\n\n\n<h2 class=\"wp-block-heading has-text-align-center has-huge-font-size\"><strong>.    .    .<\/strong><\/h2>\n\n\n\n<p><\/p>\n","protected":false},"excerpt":{"rendered":"<p>Sixty Inches From Center unequivocally condemns the violence of Immigration and Customs Enforcement (ICE), the federal agents supporting ICE, and all forms of immigrant detention and deportation tactics. <\/p>\n","protected":false},"author":37,"featured_media":71998,"comment_status":"closed","ping_status":"closed","sticky":false,"template":"","format":"standard","meta":{"_acf_changed":false,"footnotes":""},"categories":[3084,3086,4386],"tags":[],"byline":[8996],"class_list":["post-71994","post","type-post","status-publish","format-standard","has-post-thumbnail","hentry","category-community","category-news","category-resources","byline-sixty-inches-from-center"],"acf":[],"yoast_head":"<!-- This site is optimized with the Yoast SEO plugin v27.2 - https:\/\/yoast.com\/product\/yoast-seo-wordpress\/ -->\n<title>No borders in our art, no borders in our neighborhoods, no borders anywhere \/ Sin fronteras en nuestro arte, sin fronteras en nuestros barrios, sin fronteras en ninguna parte - Sixty Inches From Center<\/title>\n<meta name=\"robots\" content=\"index, follow, max-snippet:-1, max-image-preview:large, max-video-preview:-1\" \/>\n<link rel=\"canonical\" href=\"https:\/\/sixtyinchesfromcenter.org\/no-borders-in-our-art-no-borders-in-our-neighborhoods-no-borders-anywhere-sixtys-statement-against-ice-sin-fronteras-en-nuestro-arte-sin-fronteras-en-nuestros-barrios-sin-fronteras-en-ni\/\" \/>\n<meta property=\"og:locale\" content=\"en_US\" \/>\n<meta property=\"og:type\" content=\"article\" \/>\n<meta property=\"og:title\" content=\"No borders in our art, no borders in our neighborhoods, no borders anywhere \/ Sin fronteras en nuestro arte, sin fronteras en nuestros barrios, sin fronteras en ninguna parte - Sixty Inches From Center\" \/>\n<meta property=\"og:description\" content=\"Sixty Inches From Center unequivocally condemns the violence of Immigration and Customs Enforcement (ICE), the federal agents supporting ICE, and all forms of immigrant detention and deportation tactics.\" \/>\n<meta property=\"og:url\" content=\"https:\/\/sixtyinchesfromcenter.org\/no-borders-in-our-art-no-borders-in-our-neighborhoods-no-borders-anywhere-sixtys-statement-against-ice-sin-fronteras-en-nuestro-arte-sin-fronteras-en-nuestros-barrios-sin-fronteras-en-ni\/\" \/>\n<meta property=\"og:site_name\" content=\"Sixty Inches From Center\" \/>\n<meta property=\"article:publisher\" content=\"https:\/\/www.facebook.com\/SixtyInchesFromCenter\/\" \/>\n<meta property=\"article:published_time\" content=\"2025-11-10T16:46:47+00:00\" \/>\n<meta property=\"article:modified_time\" content=\"2025-11-10T20:56:49+00:00\" \/>\n<meta property=\"og:image\" content=\"https:\/\/sixtyinchesfromcenter.org\/wp-content\/uploads\/2025\/11\/Untitled_Artwork-11.png\" \/>\n\t<meta property=\"og:image:width\" content=\"2048\" \/>\n\t<meta property=\"og:image:height\" content=\"2048\" \/>\n\t<meta property=\"og:image:type\" content=\"image\/png\" \/>\n<meta name=\"author\" content=\"SIFC Administrator\" \/>\n<meta name=\"twitter:card\" content=\"summary_large_image\" \/>\n<meta name=\"twitter:creator\" content=\"@fromthecenter\" \/>\n<meta name=\"twitter:site\" content=\"@fromthecenter\" \/>\n<meta name=\"twitter:label1\" content=\"Written by\" \/>\n\t<meta name=\"twitter:data1\" content=\"SIFC Administrator\" \/>\n\t<meta name=\"twitter:label2\" content=\"Est. reading time\" \/>\n\t<meta name=\"twitter:data2\" content=\"5 minutes\" \/>\n<script type=\"application\/ld+json\" class=\"yoast-schema-graph\">{\"@context\":\"https:\/\/schema.org\",\"@graph\":[{\"@type\":\"Article\",\"@id\":\"https:\/\/sixtyinchesfromcenter.org\/no-borders-in-our-art-no-borders-in-our-neighborhoods-no-borders-anywhere-sixtys-statement-against-ice-sin-fronteras-en-nuestro-arte-sin-fronteras-en-nuestros-barrios-sin-fronteras-en-ni\/#article\",\"isPartOf\":{\"@id\":\"https:\/\/sixtyinchesfromcenter.org\/no-borders-in-our-art-no-borders-in-our-neighborhoods-no-borders-anywhere-sixtys-statement-against-ice-sin-fronteras-en-nuestro-arte-sin-fronteras-en-nuestros-barrios-sin-fronteras-en-ni\/\"},\"author\":{\"name\":\"SIFC Administrator\",\"@id\":\"https:\/\/sixtyinchesfromcenter.org\/#\/schema\/person\/283ebe603c3e033f8dedb83ad021f3d7\"},\"headline\":\"No borders in our art, no borders in our neighborhoods, no borders anywhere \/ Sin fronteras en nuestro arte, sin fronteras en nuestros barrios, sin fronteras en ninguna parte\",\"datePublished\":\"2025-11-10T16:46:47+00:00\",\"dateModified\":\"2025-11-10T20:56:49+00:00\",\"mainEntityOfPage\":{\"@id\":\"https:\/\/sixtyinchesfromcenter.org\/no-borders-in-our-art-no-borders-in-our-neighborhoods-no-borders-anywhere-sixtys-statement-against-ice-sin-fronteras-en-nuestro-arte-sin-fronteras-en-nuestros-barrios-sin-fronteras-en-ni\/\"},\"wordCount\":1110,\"publisher\":{\"@id\":\"https:\/\/sixtyinchesfromcenter.org\/#organization\"},\"image\":{\"@id\":\"https:\/\/sixtyinchesfromcenter.org\/no-borders-in-our-art-no-borders-in-our-neighborhoods-no-borders-anywhere-sixtys-statement-against-ice-sin-fronteras-en-nuestro-arte-sin-fronteras-en-nuestros-barrios-sin-fronteras-en-ni\/#primaryimage\"},\"thumbnailUrl\":\"https:\/\/sixtyinchesfromcenter.org\/wp-content\/uploads\/2025\/11\/Untitled_Artwork-11.png\",\"articleSection\":[\"Community\",\"News\",\"Resources\"],\"inLanguage\":\"en-US\"},{\"@type\":\"WebPage\",\"@id\":\"https:\/\/sixtyinchesfromcenter.org\/no-borders-in-our-art-no-borders-in-our-neighborhoods-no-borders-anywhere-sixtys-statement-against-ice-sin-fronteras-en-nuestro-arte-sin-fronteras-en-nuestros-barrios-sin-fronteras-en-ni\/\",\"url\":\"https:\/\/sixtyinchesfromcenter.org\/no-borders-in-our-art-no-borders-in-our-neighborhoods-no-borders-anywhere-sixtys-statement-against-ice-sin-fronteras-en-nuestro-arte-sin-fronteras-en-nuestros-barrios-sin-fronteras-en-ni\/\",\"name\":\"No borders in our art, no borders in our neighborhoods, no borders anywhere \/ Sin fronteras en nuestro arte, sin fronteras en nuestros barrios, sin fronteras en ninguna parte - Sixty Inches From Center\",\"isPartOf\":{\"@id\":\"https:\/\/sixtyinchesfromcenter.org\/#website\"},\"primaryImageOfPage\":{\"@id\":\"https:\/\/sixtyinchesfromcenter.org\/no-borders-in-our-art-no-borders-in-our-neighborhoods-no-borders-anywhere-sixtys-statement-against-ice-sin-fronteras-en-nuestro-arte-sin-fronteras-en-nuestros-barrios-sin-fronteras-en-ni\/#primaryimage\"},\"image\":{\"@id\":\"https:\/\/sixtyinchesfromcenter.org\/no-borders-in-our-art-no-borders-in-our-neighborhoods-no-borders-anywhere-sixtys-statement-against-ice-sin-fronteras-en-nuestro-arte-sin-fronteras-en-nuestros-barrios-sin-fronteras-en-ni\/#primaryimage\"},\"thumbnailUrl\":\"https:\/\/sixtyinchesfromcenter.org\/wp-content\/uploads\/2025\/11\/Untitled_Artwork-11.png\",\"datePublished\":\"2025-11-10T16:46:47+00:00\",\"dateModified\":\"2025-11-10T20:56:49+00:00\",\"breadcrumb\":{\"@id\":\"https:\/\/sixtyinchesfromcenter.org\/no-borders-in-our-art-no-borders-in-our-neighborhoods-no-borders-anywhere-sixtys-statement-against-ice-sin-fronteras-en-nuestro-arte-sin-fronteras-en-nuestros-barrios-sin-fronteras-en-ni\/#breadcrumb\"},\"inLanguage\":\"en-US\",\"potentialAction\":[{\"@type\":\"ReadAction\",\"target\":[\"https:\/\/sixtyinchesfromcenter.org\/no-borders-in-our-art-no-borders-in-our-neighborhoods-no-borders-anywhere-sixtys-statement-against-ice-sin-fronteras-en-nuestro-arte-sin-fronteras-en-nuestros-barrios-sin-fronteras-en-ni\/\"]}]},{\"@type\":\"ImageObject\",\"inLanguage\":\"en-US\",\"@id\":\"https:\/\/sixtyinchesfromcenter.org\/no-borders-in-our-art-no-borders-in-our-neighborhoods-no-borders-anywhere-sixtys-statement-against-ice-sin-fronteras-en-nuestro-arte-sin-fronteras-en-nuestros-barrios-sin-fronteras-en-ni\/#primaryimage\",\"url\":\"https:\/\/sixtyinchesfromcenter.org\/wp-content\/uploads\/2025\/11\/Untitled_Artwork-11.png\",\"contentUrl\":\"https:\/\/sixtyinchesfromcenter.org\/wp-content\/uploads\/2025\/11\/Untitled_Artwork-11.png\",\"width\":2048,\"height\":2048,\"caption\":\"Image: A black and white comic cover titled, \\\"LOS CRYBABYS: A Somewhere in Chicago Story!\\\" Digital Illustration depicts three crybaby characters wearing clown masks following an ICE truck with Don Jose inside. The scene takes place under La Villita's 26th street arch. Comic originally created by Buflo as part of \\\"LOS CRYBABYS: A Somewhere in Chicago Story\\\" for Sixty Bilingual.\"},{\"@type\":\"BreadcrumbList\",\"@id\":\"https:\/\/sixtyinchesfromcenter.org\/no-borders-in-our-art-no-borders-in-our-neighborhoods-no-borders-anywhere-sixtys-statement-against-ice-sin-fronteras-en-nuestro-arte-sin-fronteras-en-nuestros-barrios-sin-fronteras-en-ni\/#breadcrumb\",\"itemListElement\":[{\"@type\":\"ListItem\",\"position\":1,\"name\":\"Home\",\"item\":\"https:\/\/sixtyinchesfromcenter.org\/\"},{\"@type\":\"ListItem\",\"position\":2,\"name\":\"No borders in our art, no borders in our neighborhoods, no borders anywhere \/ Sin fronteras en nuestro arte, sin fronteras en nuestros barrios, sin fronteras en ninguna parte\"}]},{\"@type\":\"WebSite\",\"@id\":\"https:\/\/sixtyinchesfromcenter.org\/#website\",\"url\":\"https:\/\/sixtyinchesfromcenter.org\/\",\"name\":\"Sixty Inches From Center\",\"description\":\"\",\"publisher\":{\"@id\":\"https:\/\/sixtyinchesfromcenter.org\/#organization\"},\"potentialAction\":[{\"@type\":\"SearchAction\",\"target\":{\"@type\":\"EntryPoint\",\"urlTemplate\":\"https:\/\/sixtyinchesfromcenter.org\/?s={search_term_string}\"},\"query-input\":{\"@type\":\"PropertyValueSpecification\",\"valueRequired\":true,\"valueName\":\"search_term_string\"}}],\"inLanguage\":\"en-US\"},{\"@type\":\"Organization\",\"@id\":\"https:\/\/sixtyinchesfromcenter.org\/#organization\",\"name\":\"Sixty Inches From Center\",\"url\":\"https:\/\/sixtyinchesfromcenter.org\/\",\"logo\":{\"@type\":\"ImageObject\",\"inLanguage\":\"en-US\",\"@id\":\"https:\/\/sixtyinchesfromcenter.org\/#\/schema\/logo\/image\/\",\"url\":\"https:\/\/sixtyinchesfromcenter.org\/wp-content\/uploads\/2020\/10\/Sixty_Logo_BlackMAIN.png\",\"contentUrl\":\"https:\/\/sixtyinchesfromcenter.org\/wp-content\/uploads\/2020\/10\/Sixty_Logo_BlackMAIN.png\",\"width\":2088,\"height\":372,\"caption\":\"Sixty Inches From Center\"},\"image\":{\"@id\":\"https:\/\/sixtyinchesfromcenter.org\/#\/schema\/logo\/image\/\"},\"sameAs\":[\"https:\/\/www.facebook.com\/SixtyInchesFromCenter\/\",\"https:\/\/x.com\/fromthecenter\",\"https:\/\/www.instagram.com\/fromthecenter\/\"]},{\"@type\":\"Person\",\"@id\":\"https:\/\/sixtyinchesfromcenter.org\/#\/schema\/person\/283ebe603c3e033f8dedb83ad021f3d7\",\"name\":\"SIFC Administrator\",\"url\":\"https:\/\/sixtyinchesfromcenter.org\/author\/admin\/\"}]}<\/script>\n<!-- \/ Yoast SEO plugin. -->","yoast_head_json":{"title":"No borders in our art, no borders in our neighborhoods, no borders anywhere \/ Sin fronteras en nuestro arte, sin fronteras en nuestros barrios, sin fronteras en ninguna parte - Sixty Inches From Center","robots":{"index":"index","follow":"follow","max-snippet":"max-snippet:-1","max-image-preview":"max-image-preview:large","max-video-preview":"max-video-preview:-1"},"canonical":"https:\/\/sixtyinchesfromcenter.org\/no-borders-in-our-art-no-borders-in-our-neighborhoods-no-borders-anywhere-sixtys-statement-against-ice-sin-fronteras-en-nuestro-arte-sin-fronteras-en-nuestros-barrios-sin-fronteras-en-ni\/","og_locale":"en_US","og_type":"article","og_title":"No borders in our art, no borders in our neighborhoods, no borders anywhere \/ Sin fronteras en nuestro arte, sin fronteras en nuestros barrios, sin fronteras en ninguna parte - Sixty Inches From Center","og_description":"Sixty Inches From Center unequivocally condemns the violence of Immigration and Customs Enforcement (ICE), the federal agents supporting ICE, and all forms of immigrant detention and deportation tactics.","og_url":"https:\/\/sixtyinchesfromcenter.org\/no-borders-in-our-art-no-borders-in-our-neighborhoods-no-borders-anywhere-sixtys-statement-against-ice-sin-fronteras-en-nuestro-arte-sin-fronteras-en-nuestros-barrios-sin-fronteras-en-ni\/","og_site_name":"Sixty Inches From Center","article_publisher":"https:\/\/www.facebook.com\/SixtyInchesFromCenter\/","article_published_time":"2025-11-10T16:46:47+00:00","article_modified_time":"2025-11-10T20:56:49+00:00","og_image":[{"width":2048,"height":2048,"url":"https:\/\/sixtyinchesfromcenter.org\/wp-content\/uploads\/2025\/11\/Untitled_Artwork-11.png","type":"image\/png"}],"author":"SIFC Administrator","twitter_card":"summary_large_image","twitter_creator":"@fromthecenter","twitter_site":"@fromthecenter","twitter_misc":{"Written by":"SIFC Administrator","Est. reading time":"5 minutes"},"schema":{"@context":"https:\/\/schema.org","@graph":[{"@type":"Article","@id":"https:\/\/sixtyinchesfromcenter.org\/no-borders-in-our-art-no-borders-in-our-neighborhoods-no-borders-anywhere-sixtys-statement-against-ice-sin-fronteras-en-nuestro-arte-sin-fronteras-en-nuestros-barrios-sin-fronteras-en-ni\/#article","isPartOf":{"@id":"https:\/\/sixtyinchesfromcenter.org\/no-borders-in-our-art-no-borders-in-our-neighborhoods-no-borders-anywhere-sixtys-statement-against-ice-sin-fronteras-en-nuestro-arte-sin-fronteras-en-nuestros-barrios-sin-fronteras-en-ni\/"},"author":{"name":"SIFC Administrator","@id":"https:\/\/sixtyinchesfromcenter.org\/#\/schema\/person\/283ebe603c3e033f8dedb83ad021f3d7"},"headline":"No borders in our art, no borders in our neighborhoods, no borders anywhere \/ Sin fronteras en nuestro arte, sin fronteras en nuestros barrios, sin fronteras en ninguna parte","datePublished":"2025-11-10T16:46:47+00:00","dateModified":"2025-11-10T20:56:49+00:00","mainEntityOfPage":{"@id":"https:\/\/sixtyinchesfromcenter.org\/no-borders-in-our-art-no-borders-in-our-neighborhoods-no-borders-anywhere-sixtys-statement-against-ice-sin-fronteras-en-nuestro-arte-sin-fronteras-en-nuestros-barrios-sin-fronteras-en-ni\/"},"wordCount":1110,"publisher":{"@id":"https:\/\/sixtyinchesfromcenter.org\/#organization"},"image":{"@id":"https:\/\/sixtyinchesfromcenter.org\/no-borders-in-our-art-no-borders-in-our-neighborhoods-no-borders-anywhere-sixtys-statement-against-ice-sin-fronteras-en-nuestro-arte-sin-fronteras-en-nuestros-barrios-sin-fronteras-en-ni\/#primaryimage"},"thumbnailUrl":"https:\/\/sixtyinchesfromcenter.org\/wp-content\/uploads\/2025\/11\/Untitled_Artwork-11.png","articleSection":["Community","News","Resources"],"inLanguage":"en-US"},{"@type":"WebPage","@id":"https:\/\/sixtyinchesfromcenter.org\/no-borders-in-our-art-no-borders-in-our-neighborhoods-no-borders-anywhere-sixtys-statement-against-ice-sin-fronteras-en-nuestro-arte-sin-fronteras-en-nuestros-barrios-sin-fronteras-en-ni\/","url":"https:\/\/sixtyinchesfromcenter.org\/no-borders-in-our-art-no-borders-in-our-neighborhoods-no-borders-anywhere-sixtys-statement-against-ice-sin-fronteras-en-nuestro-arte-sin-fronteras-en-nuestros-barrios-sin-fronteras-en-ni\/","name":"No borders in our art, no borders in our neighborhoods, no borders anywhere \/ Sin fronteras en nuestro arte, sin fronteras en nuestros barrios, sin fronteras en ninguna parte - Sixty Inches From Center","isPartOf":{"@id":"https:\/\/sixtyinchesfromcenter.org\/#website"},"primaryImageOfPage":{"@id":"https:\/\/sixtyinchesfromcenter.org\/no-borders-in-our-art-no-borders-in-our-neighborhoods-no-borders-anywhere-sixtys-statement-against-ice-sin-fronteras-en-nuestro-arte-sin-fronteras-en-nuestros-barrios-sin-fronteras-en-ni\/#primaryimage"},"image":{"@id":"https:\/\/sixtyinchesfromcenter.org\/no-borders-in-our-art-no-borders-in-our-neighborhoods-no-borders-anywhere-sixtys-statement-against-ice-sin-fronteras-en-nuestro-arte-sin-fronteras-en-nuestros-barrios-sin-fronteras-en-ni\/#primaryimage"},"thumbnailUrl":"https:\/\/sixtyinchesfromcenter.org\/wp-content\/uploads\/2025\/11\/Untitled_Artwork-11.png","datePublished":"2025-11-10T16:46:47+00:00","dateModified":"2025-11-10T20:56:49+00:00","breadcrumb":{"@id":"https:\/\/sixtyinchesfromcenter.org\/no-borders-in-our-art-no-borders-in-our-neighborhoods-no-borders-anywhere-sixtys-statement-against-ice-sin-fronteras-en-nuestro-arte-sin-fronteras-en-nuestros-barrios-sin-fronteras-en-ni\/#breadcrumb"},"inLanguage":"en-US","potentialAction":[{"@type":"ReadAction","target":["https:\/\/sixtyinchesfromcenter.org\/no-borders-in-our-art-no-borders-in-our-neighborhoods-no-borders-anywhere-sixtys-statement-against-ice-sin-fronteras-en-nuestro-arte-sin-fronteras-en-nuestros-barrios-sin-fronteras-en-ni\/"]}]},{"@type":"ImageObject","inLanguage":"en-US","@id":"https:\/\/sixtyinchesfromcenter.org\/no-borders-in-our-art-no-borders-in-our-neighborhoods-no-borders-anywhere-sixtys-statement-against-ice-sin-fronteras-en-nuestro-arte-sin-fronteras-en-nuestros-barrios-sin-fronteras-en-ni\/#primaryimage","url":"https:\/\/sixtyinchesfromcenter.org\/wp-content\/uploads\/2025\/11\/Untitled_Artwork-11.png","contentUrl":"https:\/\/sixtyinchesfromcenter.org\/wp-content\/uploads\/2025\/11\/Untitled_Artwork-11.png","width":2048,"height":2048,"caption":"Image: A black and white comic cover titled, \"LOS CRYBABYS: A Somewhere in Chicago Story!\" Digital Illustration depicts three crybaby characters wearing clown masks following an ICE truck with Don Jose inside. The scene takes place under La Villita's 26th street arch. Comic originally created by Buflo as part of \"LOS CRYBABYS: A Somewhere in Chicago Story\" for Sixty Bilingual."},{"@type":"BreadcrumbList","@id":"https:\/\/sixtyinchesfromcenter.org\/no-borders-in-our-art-no-borders-in-our-neighborhoods-no-borders-anywhere-sixtys-statement-against-ice-sin-fronteras-en-nuestro-arte-sin-fronteras-en-nuestros-barrios-sin-fronteras-en-ni\/#breadcrumb","itemListElement":[{"@type":"ListItem","position":1,"name":"Home","item":"https:\/\/sixtyinchesfromcenter.org\/"},{"@type":"ListItem","position":2,"name":"No borders in our art, no borders in our neighborhoods, no borders anywhere \/ Sin fronteras en nuestro arte, sin fronteras en nuestros barrios, sin fronteras en ninguna parte"}]},{"@type":"WebSite","@id":"https:\/\/sixtyinchesfromcenter.org\/#website","url":"https:\/\/sixtyinchesfromcenter.org\/","name":"Sixty Inches From Center","description":"","publisher":{"@id":"https:\/\/sixtyinchesfromcenter.org\/#organization"},"potentialAction":[{"@type":"SearchAction","target":{"@type":"EntryPoint","urlTemplate":"https:\/\/sixtyinchesfromcenter.org\/?s={search_term_string}"},"query-input":{"@type":"PropertyValueSpecification","valueRequired":true,"valueName":"search_term_string"}}],"inLanguage":"en-US"},{"@type":"Organization","@id":"https:\/\/sixtyinchesfromcenter.org\/#organization","name":"Sixty Inches From Center","url":"https:\/\/sixtyinchesfromcenter.org\/","logo":{"@type":"ImageObject","inLanguage":"en-US","@id":"https:\/\/sixtyinchesfromcenter.org\/#\/schema\/logo\/image\/","url":"https:\/\/sixtyinchesfromcenter.org\/wp-content\/uploads\/2020\/10\/Sixty_Logo_BlackMAIN.png","contentUrl":"https:\/\/sixtyinchesfromcenter.org\/wp-content\/uploads\/2020\/10\/Sixty_Logo_BlackMAIN.png","width":2088,"height":372,"caption":"Sixty Inches From Center"},"image":{"@id":"https:\/\/sixtyinchesfromcenter.org\/#\/schema\/logo\/image\/"},"sameAs":["https:\/\/www.facebook.com\/SixtyInchesFromCenter\/","https:\/\/x.com\/fromthecenter","https:\/\/www.instagram.com\/fromthecenter\/"]},{"@type":"Person","@id":"https:\/\/sixtyinchesfromcenter.org\/#\/schema\/person\/283ebe603c3e033f8dedb83ad021f3d7","name":"SIFC Administrator","url":"https:\/\/sixtyinchesfromcenter.org\/author\/admin\/"}]}},"_links":{"self":[{"href":"https:\/\/sixtyinchesfromcenter.org\/wp-json\/wp\/v2\/posts\/71994","targetHints":{"allow":["GET"]}}],"collection":[{"href":"https:\/\/sixtyinchesfromcenter.org\/wp-json\/wp\/v2\/posts"}],"about":[{"href":"https:\/\/sixtyinchesfromcenter.org\/wp-json\/wp\/v2\/types\/post"}],"author":[{"embeddable":true,"href":"https:\/\/sixtyinchesfromcenter.org\/wp-json\/wp\/v2\/users\/37"}],"replies":[{"embeddable":true,"href":"https:\/\/sixtyinchesfromcenter.org\/wp-json\/wp\/v2\/comments?post=71994"}],"version-history":[{"count":22,"href":"https:\/\/sixtyinchesfromcenter.org\/wp-json\/wp\/v2\/posts\/71994\/revisions"}],"predecessor-version":[{"id":72308,"href":"https:\/\/sixtyinchesfromcenter.org\/wp-json\/wp\/v2\/posts\/71994\/revisions\/72308"}],"wp:featuredmedia":[{"embeddable":true,"href":"https:\/\/sixtyinchesfromcenter.org\/wp-json\/wp\/v2\/media\/71998"}],"wp:attachment":[{"href":"https:\/\/sixtyinchesfromcenter.org\/wp-json\/wp\/v2\/media?parent=71994"}],"wp:term":[{"taxonomy":"category","embeddable":true,"href":"https:\/\/sixtyinchesfromcenter.org\/wp-json\/wp\/v2\/categories?post=71994"},{"taxonomy":"post_tag","embeddable":true,"href":"https:\/\/sixtyinchesfromcenter.org\/wp-json\/wp\/v2\/tags?post=71994"},{"taxonomy":"byline","embeddable":true,"href":"https:\/\/sixtyinchesfromcenter.org\/wp-json\/wp\/v2\/byline?post=71994"}],"curies":[{"name":"wp","href":"https:\/\/api.w.org\/{rel}","templated":true}]}}